{"id":5854,"date":"2019-11-06T10:17:32","date_gmt":"2019-11-06T07:17:32","guid":{"rendered":"https:\/\/musicart.acischools.k12.tr\/?p=5854"},"modified":"2019-11-06T10:17:32","modified_gmt":"2019-11-06T07:17:32","slug":"16-istanbul-bienali-gezisi-ve-sanat-atolyesi","status":"publish","type":"post","link":"https:\/\/musicart.acischools.k12.tr\/?p=5854","title":{"rendered":"16. \u0130stanbul Bienali Gezisi ve Sanat At\u00f6lyesi"},"content":{"rendered":"<p>3 Kas\u0131m Pazar g\u00fcn\u00fc bienal mekanlar\u0131ndan biri olan Pera M\u00fczesi\u2019nde \u00e7ocuklara y\u00f6nelik bir gezi ve sonras\u0131nda bir at\u00f6lye d\u00fczenledik. Pera M\u00fczesi\u2019ndeki bienal turumuzda, \u00e7ocuklar bienalin kavramsal \u00e7er\u00e7evesi kapsam\u0131nda olu\u015fturulan sanat eserleriyle tan\u0131\u015ft\u0131lar. Eserlerin i\u00e7eri\u011fi ve malzeme-teknik bilgisi konular\u0131nda\u00a0bilgi alarak, ekoloji ve sanat aras\u0131nda ba\u011flant\u0131 kurup, g\u00fcncel bir mesele olan \u00e7evre kirlili\u011fini yeniden d\u00fc\u015f\u00fcnme f\u0131rsat\u0131 buldular.<\/p>\n<p>Sergi turumuzun ard\u0131ndan farkl\u0131 bir mek\u00e2nda sanat \u00f6\u011fretmenimiz It\u0131r Demir y\u00f6netiminde ger\u00e7ekle\u015fen at\u00f6lye \u00e7al\u0131\u015fmas\u0131nda \u00f6\u011frencilerimiz resim ve kolaj tekni\u011fiyle do\u011fal ve yapay nesneler kullanarak sergide g\u00f6rd\u00fckleri eserlerden ald\u0131klar\u0131 ilhamla, hayali evrenler yaratt\u0131lar.<\/p>\n","protected":false},"excerpt":{"rendered":"<p>3 Kas\u0131m Pazar g\u00fcn\u00fc bienal mekanlar\u0131ndan biri olan Pera M\u00fczesi\u2019nde \u00e7ocuklara y\u00f6nelik bir gezi ve sonras\u0131nda bir at\u00f6lye d\u00fczenledik. Pera M\u00fczesi\u2019ndeki bienal turumuzda, \u00e7ocuklar bienalin kavramsal \u00e7er\u00e7evesi kapsam\u0131nda olu\u015fturulan sanat eserleriyle tan\u0131\u015ft\u0131lar. Eserlerin i\u00e7eri\u011fi ve malzeme-teknik bilgisi konular\u0131nda bilgi alarak, ekoloji ve sanat aras\u0131nda ba\u011flant\u0131 kurup, g\u00fcncel bir mesele olan \u00e7evre kirlili\u011fini yeniden d\u00fc\u015f\u00fcnme f\u0131rsat\u0131 buldular.<\/p>\n","protected":false},"author":1,"featured_media":5855,"comment_status":"closed","ping_status":"open","sticky":false,"template":"","format":"standard","meta":{"footnotes":""},"categories":[82],"tags":[],"class_list":["post-5854","post","type-post","status-publish","format-standard","has-post-thumbnail","hentry","category-haberler"],"_links":{"self":[{"href":"https:\/\/musicart.acischools.k12.tr\/index.php?rest_route=\/wp\/v2\/posts\/5854","targetHints":{"allow":["GET"]}}],"collection":[{"href":"https:\/\/musicart.acischools.k12.tr\/index.php?rest_route=\/wp\/v2\/posts"}],"about":[{"href":"https:\/\/musicart.acischools.k12.tr\/index.php?rest_route=\/wp\/v2\/types\/post"}],"author":[{"embeddable":true,"href":"https:\/\/musicart.acischools.k12.tr\/index.php?rest_route=\/wp\/v2\/users\/1"}],"replies":[{"embeddable":true,"href":"https:\/\/musicart.acischools.k12.tr\/index.php?rest_route=%2Fwp%2Fv2%2Fcomments&post=5854"}],"version-history":[{"count":1,"href":"https:\/\/musicart.acischools.k12.tr\/index.php?rest_route=\/wp\/v2\/posts\/5854\/revisions"}],"predecessor-version":[{"id":5856,"href":"https:\/\/musicart.acischools.k12.tr\/index.php?rest_route=\/wp\/v2\/posts\/5854\/revisions\/5856"}],"wp:featuredmedia":[{"embeddable":true,"href":"https:\/\/musicart.acischools.k12.tr\/index.php?rest_route=\/wp\/v2\/media\/5855"}],"wp:attachment":[{"href":"https:\/\/musicart.acischools.k12.tr\/index.php?rest_route=%2Fwp%2Fv2%2Fmedia&parent=5854"}],"wp:term":[{"taxonomy":"category","embeddable":true,"href":"https:\/\/musicart.acischools.k12.tr\/index.php?rest_route=%2Fwp%2Fv2%2Fcategories&post=5854"},{"taxonomy":"post_tag","embeddable":true,"href":"https:\/\/musicart.acischools.k12.tr\/index.php?rest_route=%2Fwp%2Fv2%2Ftags&post=5854"}],"curies":[{"name":"wp","href":"https:\/\/api.w.org\/{rel}","templated":true}]}}