{"id":5579,"date":"2019-05-06T17:25:08","date_gmt":"2019-05-06T14:25:08","guid":{"rendered":"http:\/\/musicart.acischools.k12.tr\/?p=5579"},"modified":"2019-09-04T08:15:55","modified_gmt":"2019-09-04T05:15:55","slug":"yil-sonu-kapanis-konseri-ve-balemodern-dans-resitali","status":"publish","type":"post","link":"https:\/\/musicart.acischools.k12.tr\/?p=5579","title":{"rendered":"YIL SONU KAPANI\u015e KONSER\u0130 ve BALE&#038;MODERN DANS RES\u0130TAL\u0130"},"content":{"rendered":"<p><em>M\u00fczik ve Sanat severler,<\/em><\/p>\n<p><em>\u00d6\u011frencilerimiz i\u00e7in anlam\u0131 \u00e7ok b\u00fcy\u00fck olan bu organizasyonda ensemble, bale, dans, koro ve lise \u00f6\u011frencilerimizin solo performanslar\u0131 e\u015fli\u011finde ger\u00e7ekle\u015fecek olan oda m\u00fczi\u011fi konseri ile sizlerle olaca\u011f\u0131z.<\/em><\/p>\n<p><strong>Tarih: 11 May\u0131s Cumartesi<\/strong><\/p>\n<p><strong>Saat: 17:00<\/strong><\/p>\n<p><strong>Yer: Sar\u0131yer Yerle\u015fkesi Tiyatro Salonu, A Blok \u00c7at\u0131 Kat\u0131<\/strong><\/p>\n<p style=\"margin: 0cm 0cm 12pt; text-align: center;\" align=\"center\"><strong><span style=\"font-family: 'Century Gothic',sans-serif; color: black;\">PROGRAM<\/span><\/strong><\/p>\n<p style=\"margin: 0cm 0cm 12pt; text-align: center;\" align=\"center\"><strong><u><span style=\"font-family: 'Century Gothic',sans-serif; color: black;\">1. B\u00f6l\u00fcm<\/span><\/u><\/strong><\/p>\n<p style=\"margin: 0cm 0cm 12pt; text-align: center;\" align=\"center\"><strong><span style=\"font-family: 'Century Gothic',sans-serif; color: black;\">&#8220;Ensemble Konseri&#8221;<\/span><\/strong><\/p>\n<p style=\"margin: 0cm 0cm 12pt; text-align: center;\" align=\"center\"><strong><span style=\"font-family: 'Century Gothic',sans-serif; color: black;\">&#8220;Bale ve Dans Resitali&#8221;<\/span><\/strong><\/p>\n<p style=\"margin: 0cm 0cm 12pt; text-align: center;\" align=\"center\"><span style=\"font-size: 11.0pt; font-family: 'Century Gothic',sans-serif; color: black;\">Ara<\/span><\/p>\n<p style=\"margin: 0cm 0cm 12pt; text-align: center;\" align=\"center\"><strong><u><span style=\"font-family: 'Century Gothic',sans-serif; color: black;\">2. B\u00f6l\u00fcm<\/span><\/u><\/strong><\/p>\n<p style=\"margin: 0cm 0cm 12pt; text-align: center;\" align=\"center\"><em><b><span style=\"font-size: 11.0pt; font-family: 'Century Gothic',sans-serif; color: black;\">&#8220;Oda M\u00fczi\u011fi Konseri&#8221;<\/span><\/b><\/em><b><\/b><\/p>\n<p style=\"margin: 0cm 0cm 12pt; text-align: center;\" align=\"center\"><em><b><span style=\"font-size: 11.0pt; font-family: 'Century Gothic',sans-serif; color: black;\">&#8220;A\u00e7\u0131 MSO Koro Sunumu&#8221;<\/span><\/b><\/em><\/p>\n<p><em>\u00d6\u011frencilerimiz y\u0131l boyunca b\u00fcy\u00fck bir \u00f6zenle yapt\u0131klar\u0131 \u00e7al\u0131\u015fmalar\u0131 sizlerle payla\u015fmaktan b\u00fcy\u00fck bir mutluluk duyacaklard\u0131r.\u00a0<\/em><\/p>\n<p><img loading=\"lazy\" decoding=\"async\" class=\"alignnone size-medium wp-image-5581\" src=\"http:\/\/musicart.acischools.k12.tr\/wp-content\/uploads\/2019\/05\/Kapanis-Konseri-Afis-1-640x896.jpg\" alt=\"\" width=\"640\" height=\"896\" srcset=\"https:\/\/musicart.acischools.k12.tr\/wp-content\/uploads\/2019\/05\/Kapanis-Konseri-Afis-1-640x896.jpg 640w, https:\/\/musicart.acischools.k12.tr\/wp-content\/uploads\/2019\/05\/Kapanis-Konseri-Afis-1-1024x1434.jpg 1024w, https:\/\/musicart.acischools.k12.tr\/wp-content\/uploads\/2019\/05\/Kapanis-Konseri-Afis-1-1280x1792.jpg 1280w, https:\/\/musicart.acischools.k12.tr\/wp-content\/uploads\/2019\/05\/Kapanis-Konseri-Afis-1-320x448.jpg 320w, https:\/\/musicart.acischools.k12.tr\/wp-content\/uploads\/2019\/05\/Kapanis-Konseri-Afis-1.jpg 1417w\" sizes=\"auto, (max-width: 640px) 100vw, 640px\" \/><\/p>\n","protected":false},"excerpt":{"rendered":"<p>Say\u0131n Velilerimiz, M\u00fczik ve Sanat severler,<br \/>\n\u00d6\u011frencilerimiz i\u00e7in anlam\u0131 \u00e7ok b\u00fcy\u00fck olan organizasyonda ensemble, bale, dans, koro ve lise \u00f6\u011frencilerimizin solo performanslar\u0131 e\u015fli\u011finde ger\u00e7ekle\u015fecek oda m\u00fczi\u011fi konseri ile sizlerle olaca\u011f\u0131z. 11.05.2019<\/p>\n","protected":false},"author":1,"featured_media":5582,"comment_status":"closed","ping_status":"open","sticky":false,"template":"","format":"standard","meta":{"footnotes":""},"categories":[82],"tags":[],"class_list":["post-5579","post","type-post","status-publish","format-standard","has-post-thumbnail","hentry","category-haberler"],"_links":{"self":[{"href":"https:\/\/musicart.acischools.k12.tr\/index.php?rest_route=\/wp\/v2\/posts\/5579","targetHints":{"allow":["GET"]}}],"collection":[{"href":"https:\/\/musicart.acischools.k12.tr\/index.php?rest_route=\/wp\/v2\/posts"}],"about":[{"href":"https:\/\/musicart.acischools.k12.tr\/index.php?rest_route=\/wp\/v2\/types\/post"}],"author":[{"embeddable":true,"href":"https:\/\/musicart.acischools.k12.tr\/index.php?rest_route=\/wp\/v2\/users\/1"}],"replies":[{"embeddable":true,"href":"https:\/\/musicart.acischools.k12.tr\/index.php?rest_route=%2Fwp%2Fv2%2Fcomments&post=5579"}],"version-history":[{"count":24,"href":"https:\/\/musicart.acischools.k12.tr\/index.php?rest_route=\/wp\/v2\/posts\/5579\/revisions"}],"predecessor-version":[{"id":5766,"href":"https:\/\/musicart.acischools.k12.tr\/index.php?rest_route=\/wp\/v2\/posts\/5579\/revisions\/5766"}],"wp:featuredmedia":[{"embeddable":true,"href":"https:\/\/musicart.acischools.k12.tr\/index.php?rest_route=\/wp\/v2\/media\/5582"}],"wp:attachment":[{"href":"https:\/\/musicart.acischools.k12.tr\/index.php?rest_route=%2Fwp%2Fv2%2Fmedia&parent=5579"}],"wp:term":[{"taxonomy":"category","embeddable":true,"href":"https:\/\/musicart.acischools.k12.tr\/index.php?rest_route=%2Fwp%2Fv2%2Fcategories&post=5579"},{"taxonomy":"post_tag","embeddable":true,"href":"https:\/\/musicart.acischools.k12.tr\/index.php?rest_route=%2Fwp%2Fv2%2Ftags&post=5579"}],"curies":[{"name":"wp","href":"https:\/\/api.w.org\/{rel}","templated":true}]}}