{"id":5544,"date":"2019-04-28T08:05:40","date_gmt":"2019-04-28T05:05:40","guid":{"rendered":"http:\/\/musicart.acischools.k12.tr\/?p=5544"},"modified":"2019-09-04T08:16:07","modified_gmt":"2019-09-04T05:16:07","slug":"yil-sonu-brans-konserleri","status":"publish","type":"post","link":"https:\/\/musicart.acischools.k12.tr\/?p=5544","title":{"rendered":"Y\u0131l Sonu Bran\u015f Konserleri"},"content":{"rendered":"<p>\u00d6\u011frencilerimizin A\u00e7\u0131 M\u00fczik ve Sanat Okulu \u00e7at\u0131s\u0131 alt\u0131nda t\u00fcm y\u0131l boyunca s\u00fcrd\u00fcrd\u00fckleri \u00e7al\u0131\u015fmalardan \u00f6rneklerin sunulaca\u011f\u0131 &#8220;Y\u0131l Sonu Konseri&#8217;nde&#8221; bulu\u015fmak dile\u011fiyle.<\/p>\n<p>Etkinlik Program\u0131<\/p>\n<p>Keman &amp; Piyano Bran\u015f Konserleri<br \/>\n5 May\u0131s 2019 Pazar, Akatlar Yerle\u015fkesi Tiyatro Salonu<br \/>\n*Konser seanslar\u0131 g\u00fcn boyu s\u00fcrecektir.<\/p>\n<p>Bateri, Gitar, Misson Percussion, Bran\u015f Konserleri<br \/>\n5 May\u0131s 2019 Pazar, Sar\u0131yer Yerle\u015fkesi Tiyatro Salonu<br \/>\n*Konser seanslar\u0131 g\u00fcn boyu s\u00fcrecektir.<br \/>\n<img loading=\"lazy\" decoding=\"async\" class=\"alignnone size-medium wp-image-5543\" src=\"http:\/\/musicart.acischools.k12.tr\/wp-content\/uploads\/2019\/04\/5-Mayis-Poster-1-640x896.jpg\" alt=\"\" width=\"640\" height=\"896\" srcset=\"https:\/\/musicart.acischools.k12.tr\/wp-content\/uploads\/2019\/04\/5-Mayis-Poster-1-640x896.jpg 640w, https:\/\/musicart.acischools.k12.tr\/wp-content\/uploads\/2019\/04\/5-Mayis-Poster-1-1024x1434.jpg 1024w, https:\/\/musicart.acischools.k12.tr\/wp-content\/uploads\/2019\/04\/5-Mayis-Poster-1-1280x1792.jpg 1280w, https:\/\/musicart.acischools.k12.tr\/wp-content\/uploads\/2019\/04\/5-Mayis-Poster-1-320x448.jpg 320w, https:\/\/musicart.acischools.k12.tr\/wp-content\/uploads\/2019\/04\/5-Mayis-Poster-1.jpg 1417w\" sizes=\"auto, (max-width: 640px) 100vw, 640px\" \/><\/p>\n","protected":false},"excerpt":{"rendered":"<p>Y\u0131l Sonu Bran\u015f Konserleri<br \/>\nEtkinlik Program\u0131<br \/>\nKeman &#038; Piyano Bran\u015f Konserleri<br \/>\n5 May\u0131s 2019 Pazar, Akatlar Yerle\u015fkesi Tiyatro Salonu<br \/>\n*Konser seanslar\u0131 g\u00fcn boyu s\u00fcrecektir.<\/p>\n<p>Bateri, Gitar, Misson Percussion, Bran\u015f Konserleri<br \/>\n5 May\u0131s 2019 Pazar, Sar\u0131yer Yerle\u015fkesi Tiyatro Salonu<br \/>\n*Konser seanslar\u0131 g\u00fcn boyu s\u00fcrecektir.<\/p>\n","protected":false},"author":1,"featured_media":5541,"comment_status":"closed","ping_status":"open","sticky":false,"template":"","format":"standard","meta":{"footnotes":""},"categories":[82],"tags":[],"class_list":["post-5544","post","type-post","status-publish","format-standard","has-post-thumbnail","hentry","category-haberler"],"_links":{"self":[{"href":"https:\/\/musicart.acischools.k12.tr\/index.php?rest_route=\/wp\/v2\/posts\/5544","targetHints":{"allow":["GET"]}}],"collection":[{"href":"https:\/\/musicart.acischools.k12.tr\/index.php?rest_route=\/wp\/v2\/posts"}],"about":[{"href":"https:\/\/musicart.acischools.k12.tr\/index.php?rest_route=\/wp\/v2\/types\/post"}],"author":[{"embeddable":true,"href":"https:\/\/musicart.acischools.k12.tr\/index.php?rest_route=\/wp\/v2\/users\/1"}],"replies":[{"embeddable":true,"href":"https:\/\/musicart.acischools.k12.tr\/index.php?rest_route=%2Fwp%2Fv2%2Fcomments&post=5544"}],"version-history":[{"count":11,"href":"https:\/\/musicart.acischools.k12.tr\/index.php?rest_route=\/wp\/v2\/posts\/5544\/revisions"}],"predecessor-version":[{"id":5765,"href":"https:\/\/musicart.acischools.k12.tr\/index.php?rest_route=\/wp\/v2\/posts\/5544\/revisions\/5765"}],"wp:featuredmedia":[{"embeddable":true,"href":"https:\/\/musicart.acischools.k12.tr\/index.php?rest_route=\/wp\/v2\/media\/5541"}],"wp:attachment":[{"href":"https:\/\/musicart.acischools.k12.tr\/index.php?rest_route=%2Fwp%2Fv2%2Fmedia&parent=5544"}],"wp:term":[{"taxonomy":"category","embeddable":true,"href":"https:\/\/musicart.acischools.k12.tr\/index.php?rest_route=%2Fwp%2Fv2%2Fcategories&post=5544"},{"taxonomy":"post_tag","embeddable":true,"href":"https:\/\/musicart.acischools.k12.tr\/index.php?rest_route=%2Fwp%2Fv2%2Ftags&post=5544"}],"curies":[{"name":"wp","href":"https:\/\/api.w.org\/{rel}","templated":true}]}}